{"id":8526,"date":"2018-06-14T13:44:24","date_gmt":"2018-06-14T11:44:24","guid":{"rendered":"https:\/\/www.terra-et-ars.de\/?p=8526"},"modified":"2020-09-19T11:58:05","modified_gmt":"2020-09-19T09:58:05","slug":"buddhastatue-mit-zen-garten-anklaengen","status":"publish","type":"post","link":"https:\/\/www.terra-et-ars.de\/aktuelles\/2018\/06\/14\/buddhastatue-mit-zen-garten-anklaengen\/","title":{"rendered":"Buddhastatue mit Zen-Garten Ankl\u00e4ngen"},"content":{"rendered":"<p><img loading=\"lazy\" class=\"alignleft wp-image-11771 size-full\" src=\"https:\/\/www.terra-et-ars.de\/aktuelles\/wp-content\/uploads\/2020\/09\/Buddhafigur-Garten-600x338-1.jpg\" alt=\"Buddhafigur mit Zen-Ankl\u00e4ngen\" width=\"600\" height=\"338\" srcset=\"https:\/\/www.terra-et-ars.de\/aktuelles\/wp-content\/uploads\/2020\/09\/Buddhafigur-Garten-600x338-1.jpg 600w, https:\/\/www.terra-et-ars.de\/aktuelles\/wp-content\/uploads\/2020\/09\/Buddhafigur-Garten-600x338-1-300x169.jpg 300w\" sizes=\"(max-width: 600px) 100vw, 600px\" \/>Wundersch\u00f6n platziert zwischen Granit und grossen Gartenbonsais entfaltet diese sch\u00f6ne Buddhastatue aus unserer <a href=\"https:\/\/www.terra-et-ars.de\/buddhafiguren\/sitzende-buddha-figuren\/\">Kollektion sitzender Buddhas<\/a> bestens ihre Wirkung.<\/p>\n<p>Sehr sch\u00f6nes Gestaltungselement: Die runden, glatten Granitfindlinge bringen Zen-Ankl\u00e4nge ins Ambiente.<\/p>\n<p>Passend dazu wurden kleine gr\u00fcn- und rotbl\u00e4ttrige Sukkulenten gepflanzt. Sie \u00fcbernehmen hier die Rolle von Moos, das im klassischen Zen-Garten \u00fcbrigens Weisheit symbolisiert.<\/p>\n<p>Gro\u00dfe Formgeh\u00f6lze nehmen die Kugelform der Granitsteine wieder auf. Einmal unmittelbar als Hintergrund f\u00fcr die <a href=\"https:\/\/www.terra-et-ars.de\/buddhafiguren\/\">Buddhafigur<\/a> und zum zweiten Mal in einer weiter entfernten Ebene, wo noch gen\u00fcgend Freiraum bleibt, damit der Blick ins Weite schweifen kann. Sehr dekorativ sind die Farbschattierungen der Formgeh\u00f6lze in hellerem und dunklerem Gr\u00fcn.<\/p>\n<p>Unter dem Bonsai-Baum und in Kombination mit den verschieden gro\u00dfen Steinen wirkt die Buddhafigur besonders sch\u00f6n. B\u00e4ume symbolisieren in einem Zen-Garten das Leben. Steine stehen f\u00fcr Tiere, die in das Leben eingebunden sind. Sie sind auch den vom Himmel herabsteigenden G\u00f6ttern gewidmet.<\/p>\n<p>Die Buddhafigur sitzt aufrecht und erhaben in meditierender Haltung. Als kleines Deko-Element tr\u00e4gt sie eine\u00a0 Edelstahlkugel in den ineinander gelegten H\u00e4nden &#8211; die Kugelform wurde hier sogar im Detail noch einmal verwendet.<\/p>\n<p>F\u00fcr diesen Platz wurde der sitzende Buddha bestens ausgew\u00e4hlt. Mit seinen dezenten Details, dem vorne eingesteckten Gewand und dem in-sich-gekehrten Gesichtsausdruck f\u00fcgt er sich \u00e4u\u00dferst harmonisch ins Bild.<\/p>\n<p>Die Handgeste dieses Buddhas ist die Geste der Meditation, auch dhyana mudra genannt. Dabei liegt der rechte Handr\u00fccken auf der linken Handfl\u00e4che und die Daumenspitzen ber\u00fchren sich. Die Geste zeigt den Zustand der Erleuchtung. Herrliche antike Buddhastatuen mit dhyana mudra findet man im <a href=\"\/java-buddhafiguren-und-hindu-statuen\">Borobudurtempel auf Java<\/a>. Eine ber\u00fchmte Buddha Statue mit Meditationsgeste ist &#8211; passend zum japanischen Zen-Thema &#8211; der Gro\u00dfe Buddha Amitabha im Kotoku-in Tempel in der japanischen Stadt Kamakura.<\/p>\n<p>In dieser Gartengestaltung vereinen sich viele fern\u00f6stliche Ankl\u00e4nge, die sorgf\u00e4ltig und mit viel Gef\u00fchl arrangiert wurden.<\/p>\n<p>Das Ergebnis ist ein wunderbar stimmiger und sehr harmonischer Anblick mit feinem asiatischen Flair.<\/p>\n<p>Ganz herzlichen Dank f\u00fcr das sch\u00f6ne Foto an die neuen Besitzer der Buddhastatue!<\/p>\n","protected":false},"excerpt":{"rendered":"<p>Wundersch\u00f6n platziert zwischen Granit und grossen Gartenbonsais entfaltet diese sch\u00f6ne Buddhastatue aus unserer Kollektion sitzender Buddhas bestens ihre Wirkung. Sehr sch\u00f6nes Gestaltungselement: Die runden, glatten Granitfindlinge bringen Zen-Ankl\u00e4nge ins Ambiente. Passend dazu wurden kleine gr\u00fcn- und rotbl\u00e4ttrige Sukkulenten gepflanzt. Sie \u00fcbernehmen hier die Rolle von Moos, das im klassischen Zen-Garten \u00fcbrigens Weisheit symbolisiert. Gro\u00dfe Formgeh\u00f6lze [&hellip;]<\/p>\n","protected":false},"author":2,"featured_media":11771,"comment_status":"closed","ping_status":"open","sticky":false,"template":"","format":"standard","meta":[],"categories":[1],"tags":[],"yoast_head":"<!-- This site is optimized with the Yoast SEO plugin v18.9 - https:\/\/yoast.com\/wordpress\/plugins\/seo\/ -->\n<title>Buddhastatue mit Zen-Garten Ankl\u00e4ngen - terra et ars galerie | Buddhas<\/title>\n<meta name=\"description\" content=\"Inspiration f\u00fcr eine Buddhastatue im Zen-Garten gesucht? Diese sch\u00f6ne Buddhafigur aus unserer Kollektion wurde inmitten von Granitsteinen und Gartenbonsais platziert - sch\u00f6ner Anklang an japanische Zen-G\u00e4rten.\" \/>\n<meta name=\"robots\" content=\"index, follow, max-snippet:-1, max-image-preview:large, max-video-preview:-1\" \/>\n<link rel=\"canonical\" href=\"https:\/\/www.terra-et-ars.de\/aktuelles\/2018\/06\/14\/buddhastatue-mit-zen-garten-anklaengen\/\" \/>\n<meta property=\"og:locale\" content=\"de_DE\" \/>\n<meta property=\"og:type\" content=\"article\" \/>\n<meta property=\"og:title\" content=\"Buddhastatue mit Zen-Garten Ankl\u00e4ngen - terra et ars galerie | Buddhas\" \/>\n<meta property=\"og:description\" content=\"Inspiration f\u00fcr eine Buddhastatue im Zen-Garten gesucht? Diese sch\u00f6ne Buddhafigur aus unserer Kollektion wurde inmitten von Granitsteinen und Gartenbonsais platziert - sch\u00f6ner Anklang an japanische Zen-G\u00e4rten.\" \/>\n<meta property=\"og:url\" content=\"https:\/\/www.terra-et-ars.de\/aktuelles\/2018\/06\/14\/buddhastatue-mit-zen-garten-anklaengen\/\" \/>\n<meta property=\"og:site_name\" content=\"terra et ars galerie | Bali Buddhas, Skulpturen, Gartenkunst\" \/>\n<meta property=\"article:published_time\" content=\"2018-06-14T11:44:24+00:00\" \/>\n<meta property=\"article:modified_time\" content=\"2020-09-19T09:58:05+00:00\" \/>\n<meta property=\"og:image\" content=\"https:\/\/www.terra-et-ars.de\/aktuelles\/wp-content\/uploads\/2020\/09\/Buddhafigur-Garten-600x338-1.jpg\" \/>\n\t<meta property=\"og:image:width\" content=\"600\" \/>\n\t<meta property=\"og:image:height\" content=\"338\" \/>\n\t<meta property=\"og:image:type\" content=\"image\/jpeg\" \/>\n<meta name=\"twitter:card\" content=\"summary_large_image\" \/>\n<meta name=\"twitter:label1\" content=\"Verfasst von\" \/>\n\t<meta name=\"twitter:data1\" content=\"irmi.schmidbauer\" \/>\n\t<meta name=\"twitter:label2\" content=\"Gesch\u00e4tzte Lesezeit\" \/>\n\t<meta name=\"twitter:data2\" content=\"2\u00a0Minuten\" \/>\n<script type=\"application\/ld+json\" class=\"yoast-schema-graph\">{\"@context\":\"https:\/\/schema.org\",\"@graph\":[{\"@type\":\"WebSite\",\"@id\":\"https:\/\/www.terra-et-ars.de\/aktuelles\/#website\",\"url\":\"https:\/\/www.terra-et-ars.de\/aktuelles\/\",\"name\":\"terra et ars galerie | Bali Buddhas, Skulpturen, Gartenkunst\",\"description\":\"Buddha, Figur, Statue, Deko, Kunst f\u00fcr Garten und Haus\",\"potentialAction\":[{\"@type\":\"SearchAction\",\"target\":{\"@type\":\"EntryPoint\",\"urlTemplate\":\"https:\/\/www.terra-et-ars.de\/aktuelles\/?s={search_term_string}\"},\"query-input\":\"required name=search_term_string\"}],\"inLanguage\":\"de\"},{\"@type\":\"ImageObject\",\"inLanguage\":\"de\",\"@id\":\"https:\/\/www.terra-et-ars.de\/aktuelles\/2018\/06\/14\/buddhastatue-mit-zen-garten-anklaengen\/#primaryimage\",\"url\":\"https:\/\/www.terra-et-ars.de\/aktuelles\/wp-content\/uploads\/2020\/09\/Buddhafigur-Garten-600x338-1.jpg\",\"contentUrl\":\"https:\/\/www.terra-et-ars.de\/aktuelles\/wp-content\/uploads\/2020\/09\/Buddhafigur-Garten-600x338-1.jpg\",\"width\":600,\"height\":338,\"caption\":\"Buddhafigur mit Zen-Ankl\u00e4ngen\"},{\"@type\":\"WebPage\",\"@id\":\"https:\/\/www.terra-et-ars.de\/aktuelles\/2018\/06\/14\/buddhastatue-mit-zen-garten-anklaengen\/#webpage\",\"url\":\"https:\/\/www.terra-et-ars.de\/aktuelles\/2018\/06\/14\/buddhastatue-mit-zen-garten-anklaengen\/\",\"name\":\"Buddhastatue mit Zen-Garten Ankl\u00e4ngen - terra et ars galerie | Buddhas\",\"isPartOf\":{\"@id\":\"https:\/\/www.terra-et-ars.de\/aktuelles\/#website\"},\"primaryImageOfPage\":{\"@id\":\"https:\/\/www.terra-et-ars.de\/aktuelles\/2018\/06\/14\/buddhastatue-mit-zen-garten-anklaengen\/#primaryimage\"},\"datePublished\":\"2018-06-14T11:44:24+00:00\",\"dateModified\":\"2020-09-19T09:58:05+00:00\",\"author\":{\"@id\":\"https:\/\/www.terra-et-ars.de\/aktuelles\/#\/schema\/person\/322a86fb0a298e488d29462b6c98ba6c\"},\"description\":\"Inspiration f\u00fcr eine Buddhastatue im Zen-Garten gesucht? Diese sch\u00f6ne Buddhafigur aus unserer Kollektion wurde inmitten von Granitsteinen und Gartenbonsais platziert - sch\u00f6ner Anklang an japanische Zen-G\u00e4rten.\",\"breadcrumb\":{\"@id\":\"https:\/\/www.terra-et-ars.de\/aktuelles\/2018\/06\/14\/buddhastatue-mit-zen-garten-anklaengen\/#breadcrumb\"},\"inLanguage\":\"de\",\"potentialAction\":[{\"@type\":\"ReadAction\",\"target\":[\"https:\/\/www.terra-et-ars.de\/aktuelles\/2018\/06\/14\/buddhastatue-mit-zen-garten-anklaengen\/\"]}]},{\"@type\":\"BreadcrumbList\",\"@id\":\"https:\/\/www.terra-et-ars.de\/aktuelles\/2018\/06\/14\/buddhastatue-mit-zen-garten-anklaengen\/#breadcrumb\",\"itemListElement\":[{\"@type\":\"ListItem\",\"position\":1,\"name\":\"Startseite\",\"item\":\"https:\/\/www.terra-et-ars.de\/aktuelles\/\"},{\"@type\":\"ListItem\",\"position\":2,\"name\":\"Buddhastatue mit Zen-Garten Ankl\u00e4ngen\"}]},{\"@type\":\"Person\",\"@id\":\"https:\/\/www.terra-et-ars.de\/aktuelles\/#\/schema\/person\/322a86fb0a298e488d29462b6c98ba6c\",\"name\":\"irmi.schmidbauer\",\"image\":{\"@type\":\"ImageObject\",\"inLanguage\":\"de\",\"@id\":\"https:\/\/www.terra-et-ars.de\/aktuelles\/#\/schema\/person\/image\/\",\"url\":\"https:\/\/secure.gravatar.com\/avatar\/e61a77ea43f3443426116d7777872250?s=96&d=mm&r=g\",\"contentUrl\":\"https:\/\/secure.gravatar.com\/avatar\/e61a77ea43f3443426116d7777872250?s=96&d=mm&r=g\",\"caption\":\"irmi.schmidbauer\"}}]}<\/script>\n<!-- \/ Yoast SEO plugin. -->","yoast_head_json":{"title":"Buddhastatue mit Zen-Garten Ankl\u00e4ngen - terra et ars galerie | Buddhas","description":"Inspiration f\u00fcr eine Buddhastatue im Zen-Garten gesucht? Diese sch\u00f6ne Buddhafigur aus unserer Kollektion wurde inmitten von Granitsteinen und Gartenbonsais platziert - sch\u00f6ner Anklang an japanische Zen-G\u00e4rten.","robots":{"index":"index","follow":"follow","max-snippet":"max-snippet:-1","max-image-preview":"max-image-preview:large","max-video-preview":"max-video-preview:-1"},"canonical":"https:\/\/www.terra-et-ars.de\/aktuelles\/2018\/06\/14\/buddhastatue-mit-zen-garten-anklaengen\/","og_locale":"de_DE","og_type":"article","og_title":"Buddhastatue mit Zen-Garten Ankl\u00e4ngen - terra et ars galerie | Buddhas","og_description":"Inspiration f\u00fcr eine Buddhastatue im Zen-Garten gesucht? Diese sch\u00f6ne Buddhafigur aus unserer Kollektion wurde inmitten von Granitsteinen und Gartenbonsais platziert - sch\u00f6ner Anklang an japanische Zen-G\u00e4rten.","og_url":"https:\/\/www.terra-et-ars.de\/aktuelles\/2018\/06\/14\/buddhastatue-mit-zen-garten-anklaengen\/","og_site_name":"terra et ars galerie | Bali Buddhas, Skulpturen, Gartenkunst","article_published_time":"2018-06-14T11:44:24+00:00","article_modified_time":"2020-09-19T09:58:05+00:00","og_image":[{"width":600,"height":338,"url":"https:\/\/www.terra-et-ars.de\/aktuelles\/wp-content\/uploads\/2020\/09\/Buddhafigur-Garten-600x338-1.jpg","type":"image\/jpeg"}],"twitter_card":"summary_large_image","twitter_misc":{"Verfasst von":"irmi.schmidbauer","Gesch\u00e4tzte Lesezeit":"2\u00a0Minuten"},"schema":{"@context":"https:\/\/schema.org","@graph":[{"@type":"WebSite","@id":"https:\/\/www.terra-et-ars.de\/aktuelles\/#website","url":"https:\/\/www.terra-et-ars.de\/aktuelles\/","name":"terra et ars galerie | Bali Buddhas, Skulpturen, Gartenkunst","description":"Buddha, Figur, Statue, Deko, Kunst f\u00fcr Garten und Haus","potentialAction":[{"@type":"SearchAction","target":{"@type":"EntryPoint","urlTemplate":"https:\/\/www.terra-et-ars.de\/aktuelles\/?s={search_term_string}"},"query-input":"required name=search_term_string"}],"inLanguage":"de"},{"@type":"ImageObject","inLanguage":"de","@id":"https:\/\/www.terra-et-ars.de\/aktuelles\/2018\/06\/14\/buddhastatue-mit-zen-garten-anklaengen\/#primaryimage","url":"https:\/\/www.terra-et-ars.de\/aktuelles\/wp-content\/uploads\/2020\/09\/Buddhafigur-Garten-600x338-1.jpg","contentUrl":"https:\/\/www.terra-et-ars.de\/aktuelles\/wp-content\/uploads\/2020\/09\/Buddhafigur-Garten-600x338-1.jpg","width":600,"height":338,"caption":"Buddhafigur mit Zen-Ankl\u00e4ngen"},{"@type":"WebPage","@id":"https:\/\/www.terra-et-ars.de\/aktuelles\/2018\/06\/14\/buddhastatue-mit-zen-garten-anklaengen\/#webpage","url":"https:\/\/www.terra-et-ars.de\/aktuelles\/2018\/06\/14\/buddhastatue-mit-zen-garten-anklaengen\/","name":"Buddhastatue mit Zen-Garten Ankl\u00e4ngen - terra et ars galerie | Buddhas","isPartOf":{"@id":"https:\/\/www.terra-et-ars.de\/aktuelles\/#website"},"primaryImageOfPage":{"@id":"https:\/\/www.terra-et-ars.de\/aktuelles\/2018\/06\/14\/buddhastatue-mit-zen-garten-anklaengen\/#primaryimage"},"datePublished":"2018-06-14T11:44:24+00:00","dateModified":"2020-09-19T09:58:05+00:00","author":{"@id":"https:\/\/www.terra-et-ars.de\/aktuelles\/#\/schema\/person\/322a86fb0a298e488d29462b6c98ba6c"},"description":"Inspiration f\u00fcr eine Buddhastatue im Zen-Garten gesucht? Diese sch\u00f6ne Buddhafigur aus unserer Kollektion wurde inmitten von Granitsteinen und Gartenbonsais platziert - sch\u00f6ner Anklang an japanische Zen-G\u00e4rten.","breadcrumb":{"@id":"https:\/\/www.terra-et-ars.de\/aktuelles\/2018\/06\/14\/buddhastatue-mit-zen-garten-anklaengen\/#breadcrumb"},"inLanguage":"de","potentialAction":[{"@type":"ReadAction","target":["https:\/\/www.terra-et-ars.de\/aktuelles\/2018\/06\/14\/buddhastatue-mit-zen-garten-anklaengen\/"]}]},{"@type":"BreadcrumbList","@id":"https:\/\/www.terra-et-ars.de\/aktuelles\/2018\/06\/14\/buddhastatue-mit-zen-garten-anklaengen\/#breadcrumb","itemListElement":[{"@type":"ListItem","position":1,"name":"Startseite","item":"https:\/\/www.terra-et-ars.de\/aktuelles\/"},{"@type":"ListItem","position":2,"name":"Buddhastatue mit Zen-Garten Ankl\u00e4ngen"}]},{"@type":"Person","@id":"https:\/\/www.terra-et-ars.de\/aktuelles\/#\/schema\/person\/322a86fb0a298e488d29462b6c98ba6c","name":"irmi.schmidbauer","image":{"@type":"ImageObject","inLanguage":"de","@id":"https:\/\/www.terra-et-ars.de\/aktuelles\/#\/schema\/person\/image\/","url":"https:\/\/secure.gravatar.com\/avatar\/e61a77ea43f3443426116d7777872250?s=96&d=mm&r=g","contentUrl":"https:\/\/secure.gravatar.com\/avatar\/e61a77ea43f3443426116d7777872250?s=96&d=mm&r=g","caption":"irmi.schmidbauer"}}]}},"_links":{"self":[{"href":"https:\/\/www.terra-et-ars.de\/aktuelles\/wp-json\/wp\/v2\/posts\/8526"}],"collection":[{"href":"https:\/\/www.terra-et-ars.de\/aktuelles\/wp-json\/wp\/v2\/posts"}],"about":[{"href":"https:\/\/www.terra-et-ars.de\/aktuelles\/wp-json\/wp\/v2\/types\/post"}],"author":[{"embeddable":true,"href":"https:\/\/www.terra-et-ars.de\/aktuelles\/wp-json\/wp\/v2\/users\/2"}],"replies":[{"embeddable":true,"href":"https:\/\/www.terra-et-ars.de\/aktuelles\/wp-json\/wp\/v2\/comments?post=8526"}],"version-history":[{"count":5,"href":"https:\/\/www.terra-et-ars.de\/aktuelles\/wp-json\/wp\/v2\/posts\/8526\/revisions"}],"predecessor-version":[{"id":11868,"href":"https:\/\/www.terra-et-ars.de\/aktuelles\/wp-json\/wp\/v2\/posts\/8526\/revisions\/11868"}],"wp:featuredmedia":[{"embeddable":true,"href":"https:\/\/www.terra-et-ars.de\/aktuelles\/wp-json\/wp\/v2\/media\/11771"}],"wp:attachment":[{"href":"https:\/\/www.terra-et-ars.de\/aktuelles\/wp-json\/wp\/v2\/media?parent=8526"}],"wp:term":[{"taxonomy":"category","embeddable":true,"href":"https:\/\/www.terra-et-ars.de\/aktuelles\/wp-json\/wp\/v2\/categories?post=8526"},{"taxonomy":"post_tag","embeddable":true,"href":"https:\/\/www.terra-et-ars.de\/aktuelles\/wp-json\/wp\/v2\/tags?post=8526"}],"curies":[{"name":"wp","href":"https:\/\/api.w.org\/{rel}","templated":true}]}}